{"id":1659,"date":"2026-02-10T15:51:17","date_gmt":"2026-02-10T14:51:17","guid":{"rendered":"https:\/\/preservacion35.com\/?p=1659"},"modified":"2026-02-10T16:11:38","modified_gmt":"2026-02-10T15:11:38","slug":"__trashed","status":"publish","type":"post","link":"https:\/\/preservacion35.com\/en\/noticias\/__trashed\/","title":{"rendered":"Comienzan las primeras actuaciones de la colaboraci\u00f3n entre la Universidad de Salamanca y Preservaci\u00f3n 35 en preservaci\u00f3n patrimonial"},"content":{"rendered":"<p><strong>Madrid, 5 de febrero de 2026<\/strong> \u2013 La C\u00e1tedra Universidad-Empresa \u201cPreservaci\u00f3n 35\u201d, impulsada por la Universidad de Salamanca (USAL) y la empresa Preservaci\u00f3n 35, ha iniciado oficialmente su actividad con la puesta en marcha de sus primeras actuaciones orientadas a la innovaci\u00f3n en la preservaci\u00f3n del patrimonio audiovisual e impreso, marcando as\u00ed el comienzo efectivo de los trabajos previstos en el marco del convenio de colaboraci\u00f3n entre ambas instituciones.<\/p>\n\n\n\n<p>La Comisi\u00f3n Mixta de Seguimiento y Control de la C\u00e1tedra celebr\u00f3 el pasado 19 de enero su reuni\u00f3n extraordinaria en el Vicerrectorado de Investigaci\u00f3n de la USAL, con la participaci\u00f3n de representantes acad\u00e9micos, responsables de Preservaci\u00f3n 35 y expertos invitados del \u00e1mbito de la preservaci\u00f3n documental y la transformaci\u00f3n digital.<\/p>\n\n\n\n<figure class=\"wp-block-image size-large\"><img loading=\"lazy\" decoding=\"async\" width=\"1024\" height=\"683\" src=\"https:\/\/preservacion35.com\/wp-content\/uploads\/2026\/02\/img_8174-1024x683.jpg\" alt=\"\" class=\"wp-image-1662\" srcset=\"https:\/\/preservacion35.com\/wp-content\/uploads\/2026\/02\/img_8174-1024x683.jpg 1024w, https:\/\/preservacion35.com\/wp-content\/uploads\/2026\/02\/img_8174-300x200.jpg 300w, https:\/\/preservacion35.com\/wp-content\/uploads\/2026\/02\/img_8174-768x512.jpg 768w, https:\/\/preservacion35.com\/wp-content\/uploads\/2026\/02\/img_8174-18x12.jpg 18w, https:\/\/preservacion35.com\/wp-content\/uploads\/2026\/02\/img_8174.jpg 1440w\" sizes=\"auto, (max-width: 1024px) 100vw, 1024px\" \/><\/figure>\n\n\n\n<p>Entre las primeras actuaciones acordadas, destaca la entrega a Preservaci\u00f3n 35 de un conjunto inicial de ocho \u00edtems digitalizados procedentes de la Biblioteca Hist\u00f3rica de la Universidad de Salamanca. Estos materiales servir\u00e1n como prueba piloto para su an\u00e1lisis y posterior grabaci\u00f3n en <strong>pel\u00edcula Piql<\/strong>, un soporte f\u00edlmico de alta durabilidad dise\u00f1ado para la preservaci\u00f3n a largo plazo.<\/p>\n\n\n\n<p>Asimismo, se acord\u00f3 la realizaci\u00f3n de un <strong>dep\u00f3sito simb\u00f3lico en el Archivo Mundial del \u00c1rtico (Arctic World Archive, AWA)<\/strong>, previsto inicialmente para el pr\u00f3ximo 26 de febrero, que incluir\u00e1 dos obras fundamentales del patrimonio cultural hisp\u00e1nico: <strong>El Libro del Buen Amor<\/strong> y el <strong>C\u00f3dice Calixtino<\/strong>. La fecha definitiva del dep\u00f3sito ser\u00e1 concretada de com\u00fan acuerdo entre las partes.<\/p>\n\n\n\n<p>Durante la reuni\u00f3n, se present\u00f3 tambi\u00e9n el proyecto de la colecci\u00f3n <strong>\u201cDocumentos Esenciales de la Historia Hisp\u00e1nica\u201d<\/strong>, concebida como un plan a cinco a\u00f1os que contar\u00e1 con la participaci\u00f3n de distintos archivos hist\u00f3ricos de Espa\u00f1a. Esta iniciativa se complementar\u00e1 con una segunda colecci\u00f3n, titulada <strong>\u201cJoyas\u201d<\/strong>, destinada a la preservaci\u00f3n en soporte f\u00edlmico de documentos de especial relevancia hist\u00f3rica y singularidad.<\/p>\n\n\n\n<figure class=\"wp-block-image size-large\"><img loading=\"lazy\" decoding=\"async\" width=\"1024\" height=\"710\" src=\"https:\/\/preservacion35.com\/wp-content\/uploads\/2026\/02\/img_8137-1024x710.jpg\" alt=\"\" class=\"wp-image-1661\" srcset=\"https:\/\/preservacion35.com\/wp-content\/uploads\/2026\/02\/img_8137-1024x710.jpg 1024w, https:\/\/preservacion35.com\/wp-content\/uploads\/2026\/02\/img_8137-300x208.jpg 300w, https:\/\/preservacion35.com\/wp-content\/uploads\/2026\/02\/img_8137-768x533.jpg 768w, https:\/\/preservacion35.com\/wp-content\/uploads\/2026\/02\/img_8137-18x12.jpg 18w, https:\/\/preservacion35.com\/wp-content\/uploads\/2026\/02\/img_8137.jpg 1440w\" sizes=\"auto, (max-width: 1024px) 100vw, 1024px\" \/><\/figure>\n\n\n\n<p>La identificaci\u00f3n y selecci\u00f3n de los documentos que integrar\u00e1n ambas colecciones ser\u00e1 coordinada conjuntamente por Preservaci\u00f3n 35 y la Universidad de Salamanca, inici\u00e1ndose los trabajos en las pr\u00f3ximas semanas.<\/p>\n\n\n\n<p>Todas estas actuaciones refuerzan el compromiso de la USAL y Preservaci\u00f3n 35 con la protecci\u00f3n del legado cultural, combinando rigor acad\u00e9mico, innovaci\u00f3n tecnol\u00f3gica y cooperaci\u00f3n p\u00fablico-privada para garantizar la preservaci\u00f3n del patrimonio hist\u00f3rico para las generaciones futuras.<\/p>\n\n\n\n<p><\/p>","protected":false},"excerpt":{"rendered":"<p>Madrid, 5 de febrero de 2026 \u2013 La C\u00e1tedra Universidad-Empresa \u201cPreservaci\u00f3n 35\u201d, impulsada por la Universidad de Salamanca&#8230;<\/p>","protected":false},"author":1,"featured_media":1662,"comment_status":"open","ping_status":"open","sticky":false,"template":"","format":"standard","meta":{"_kadence_starter_templates_imported_post":false,"_kad_post_transparent":"","_kad_post_title":"","_kad_post_layout":"","_kad_post_sidebar_id":"","_kad_post_content_style":"","_kad_post_vertical_padding":"","_kad_post_feature":"","_kad_post_feature_position":"","_kad_post_header":false,"_kad_post_footer":false,"_kad_post_classname":"","footnotes":""},"categories":[1],"tags":[],"class_list":["post-1659","post","type-post","status-publish","format-standard","has-post-thumbnail","hentry","category-noticias"],"yoast_head":"<!-- This site is optimized with the Yoast SEO plugin v27.5 - https:\/\/yoast.com\/product\/yoast-seo-wordpress\/ -->\n<title>Comienzan las primeras actuaciones de la colaboraci\u00f3n entre la Universidad de Salamanca y Preservaci\u00f3n 35 en preservaci\u00f3n patrimonial - Preservacion 35<\/title>\n<meta name=\"robots\" content=\"index, follow, max-snippet:-1, max-image-preview:large, max-video-preview:-1\" \/>\n<link rel=\"canonical\" href=\"https:\/\/preservacion35.com\/en\/noticias\/__trashed\/\" \/>\n<meta property=\"og:locale\" content=\"en_GB\" \/>\n<meta property=\"og:type\" content=\"article\" \/>\n<meta property=\"og:title\" content=\"Comienzan las primeras actuaciones de la colaboraci\u00f3n entre la Universidad de Salamanca y Preservaci\u00f3n 35 en preservaci\u00f3n patrimonial - Preservacion 35\" \/>\n<meta property=\"og:description\" content=\"Madrid, 5 de febrero de 2026 \u2013 La C\u00e1tedra Universidad-Empresa \u201cPreservaci\u00f3n 35\u201d, impulsada por la Universidad de Salamanca...\" \/>\n<meta property=\"og:url\" content=\"https:\/\/preservacion35.com\/en\/noticias\/__trashed\/\" \/>\n<meta property=\"og:site_name\" content=\"Preservacion 35\" \/>\n<meta property=\"article:published_time\" content=\"2026-02-10T14:51:17+00:00\" \/>\n<meta property=\"article:modified_time\" content=\"2026-02-10T15:11:38+00:00\" \/>\n<meta property=\"og:image\" content=\"https:\/\/preservacion35.com\/wp-content\/uploads\/2026\/02\/img_8174.jpg\" \/>\n\t<meta property=\"og:image:width\" content=\"1440\" \/>\n\t<meta property=\"og:image:height\" content=\"960\" \/>\n\t<meta property=\"og:image:type\" content=\"image\/jpeg\" \/>\n<meta name=\"author\" content=\"admin\" \/>\n<meta name=\"twitter:card\" content=\"summary_large_image\" \/>\n<meta name=\"twitter:label1\" content=\"Written by\" \/>\n\t<meta name=\"twitter:data1\" content=\"admin\" \/>\n\t<meta name=\"twitter:label2\" content=\"Estimated reading time\" \/>\n\t<meta name=\"twitter:data2\" content=\"3 minutes\" \/>\n<script type=\"application\/ld+json\" class=\"yoast-schema-graph\">{\"@context\":\"https:\\\/\\\/schema.org\",\"@graph\":[{\"@type\":\"Article\",\"@id\":\"https:\\\/\\\/preservacion35.com\\\/noticias\\\/__trashed\\\/#article\",\"isPartOf\":{\"@id\":\"https:\\\/\\\/preservacion35.com\\\/noticias\\\/__trashed\\\/\"},\"author\":{\"name\":\"admin\",\"@id\":\"https:\\\/\\\/preservacion35.com\\\/#\\\/schema\\\/person\\\/e306b577887303f13108009d3b5c2d82\"},\"headline\":\"Comienzan las primeras actuaciones de la colaboraci\u00f3n entre la Universidad de Salamanca y Preservaci\u00f3n 35 en preservaci\u00f3n patrimonial\",\"datePublished\":\"2026-02-10T14:51:17+00:00\",\"dateModified\":\"2026-02-10T15:11:38+00:00\",\"mainEntityOfPage\":{\"@id\":\"https:\\\/\\\/preservacion35.com\\\/noticias\\\/__trashed\\\/\"},\"wordCount\":428,\"commentCount\":0,\"publisher\":{\"@id\":\"https:\\\/\\\/preservacion35.com\\\/#organization\"},\"image\":{\"@id\":\"https:\\\/\\\/preservacion35.com\\\/noticias\\\/__trashed\\\/#primaryimage\"},\"thumbnailUrl\":\"https:\\\/\\\/preservacion35.com\\\/wp-content\\\/uploads\\\/2026\\\/02\\\/img_8174.jpg\",\"articleSection\":[\"Noticias\"],\"inLanguage\":\"en-GB\",\"potentialAction\":[{\"@type\":\"CommentAction\",\"name\":\"Comment\",\"target\":[\"https:\\\/\\\/preservacion35.com\\\/noticias\\\/__trashed\\\/#respond\"]}]},{\"@type\":\"WebPage\",\"@id\":\"https:\\\/\\\/preservacion35.com\\\/noticias\\\/__trashed\\\/\",\"url\":\"https:\\\/\\\/preservacion35.com\\\/noticias\\\/__trashed\\\/\",\"name\":\"Comienzan las primeras actuaciones de la colaboraci\u00f3n entre la Universidad de Salamanca y Preservaci\u00f3n 35 en preservaci\u00f3n patrimonial - Preservacion 35\",\"isPartOf\":{\"@id\":\"https:\\\/\\\/preservacion35.com\\\/#website\"},\"primaryImageOfPage\":{\"@id\":\"https:\\\/\\\/preservacion35.com\\\/noticias\\\/__trashed\\\/#primaryimage\"},\"image\":{\"@id\":\"https:\\\/\\\/preservacion35.com\\\/noticias\\\/__trashed\\\/#primaryimage\"},\"thumbnailUrl\":\"https:\\\/\\\/preservacion35.com\\\/wp-content\\\/uploads\\\/2026\\\/02\\\/img_8174.jpg\",\"datePublished\":\"2026-02-10T14:51:17+00:00\",\"dateModified\":\"2026-02-10T15:11:38+00:00\",\"breadcrumb\":{\"@id\":\"https:\\\/\\\/preservacion35.com\\\/noticias\\\/__trashed\\\/#breadcrumb\"},\"inLanguage\":\"en-GB\",\"potentialAction\":[{\"@type\":\"ReadAction\",\"target\":[\"https:\\\/\\\/preservacion35.com\\\/noticias\\\/__trashed\\\/\"]}]},{\"@type\":\"ImageObject\",\"inLanguage\":\"en-GB\",\"@id\":\"https:\\\/\\\/preservacion35.com\\\/noticias\\\/__trashed\\\/#primaryimage\",\"url\":\"https:\\\/\\\/preservacion35.com\\\/wp-content\\\/uploads\\\/2026\\\/02\\\/img_8174.jpg\",\"contentUrl\":\"https:\\\/\\\/preservacion35.com\\\/wp-content\\\/uploads\\\/2026\\\/02\\\/img_8174.jpg\",\"width\":1440,\"height\":960},{\"@type\":\"BreadcrumbList\",\"@id\":\"https:\\\/\\\/preservacion35.com\\\/noticias\\\/__trashed\\\/#breadcrumb\",\"itemListElement\":[{\"@type\":\"ListItem\",\"position\":1,\"name\":\"Portada\",\"item\":\"https:\\\/\\\/preservacion35.com\\\/\"},{\"@type\":\"ListItem\",\"position\":2,\"name\":\"Comienzan las primeras actuaciones de la colaboraci\u00f3n entre la Universidad de Salamanca y Preservaci\u00f3n 35 en preservaci\u00f3n patrimonial\"}]},{\"@type\":\"WebSite\",\"@id\":\"https:\\\/\\\/preservacion35.com\\\/#website\",\"url\":\"https:\\\/\\\/preservacion35.com\\\/\",\"name\":\"Preservacion 35\",\"description\":\"Preserva tus archivos y documentos con tecnolog\u00eda de vanguardia que te acerca al futuro\",\"publisher\":{\"@id\":\"https:\\\/\\\/preservacion35.com\\\/#organization\"},\"potentialAction\":[{\"@type\":\"SearchAction\",\"target\":{\"@type\":\"EntryPoint\",\"urlTemplate\":\"https:\\\/\\\/preservacion35.com\\\/?s={search_term_string}\"},\"query-input\":{\"@type\":\"PropertyValueSpecification\",\"valueRequired\":true,\"valueName\":\"search_term_string\"}}],\"inLanguage\":\"en-GB\"},{\"@type\":\"Organization\",\"@id\":\"https:\\\/\\\/preservacion35.com\\\/#organization\",\"name\":\"Preservacion 35\",\"url\":\"https:\\\/\\\/preservacion35.com\\\/\",\"logo\":{\"@type\":\"ImageObject\",\"inLanguage\":\"en-GB\",\"@id\":\"https:\\\/\\\/preservacion35.com\\\/#\\\/schema\\\/logo\\\/image\\\/\",\"url\":\"https:\\\/\\\/preservacion35.com\\\/wp-content\\\/uploads\\\/2024\\\/05\\\/cropped-Logo-Cierre-P35-en-Espanol-en-Transparencia.png\",\"contentUrl\":\"https:\\\/\\\/preservacion35.com\\\/wp-content\\\/uploads\\\/2024\\\/05\\\/cropped-Logo-Cierre-P35-en-Espanol-en-Transparencia.png\",\"width\":1280,\"height\":1280,\"caption\":\"Preservacion 35\"},\"image\":{\"@id\":\"https:\\\/\\\/preservacion35.com\\\/#\\\/schema\\\/logo\\\/image\\\/\"}},{\"@type\":\"Person\",\"@id\":\"https:\\\/\\\/preservacion35.com\\\/#\\\/schema\\\/person\\\/e306b577887303f13108009d3b5c2d82\",\"name\":\"admin\",\"image\":{\"@type\":\"ImageObject\",\"inLanguage\":\"en-GB\",\"@id\":\"https:\\\/\\\/secure.gravatar.com\\\/avatar\\\/6fbe651b4dd6fffa0c2f7699039e1acb8bf5b9f38942b4f95f65947ac095ae2c?s=96&d=mm&r=g\",\"url\":\"https:\\\/\\\/secure.gravatar.com\\\/avatar\\\/6fbe651b4dd6fffa0c2f7699039e1acb8bf5b9f38942b4f95f65947ac095ae2c?s=96&d=mm&r=g\",\"contentUrl\":\"https:\\\/\\\/secure.gravatar.com\\\/avatar\\\/6fbe651b4dd6fffa0c2f7699039e1acb8bf5b9f38942b4f95f65947ac095ae2c?s=96&d=mm&r=g\",\"caption\":\"admin\"},\"sameAs\":[\"https:\\\/\\\/preservacion35.com\"],\"url\":\"https:\\\/\\\/preservacion35.com\\\/en\\\/author\\\/adminb0naval\\\/\"}]}<\/script>\n<!-- \/ Yoast SEO plugin. -->","yoast_head_json":{"title":"Comienzan las primeras actuaciones de la colaboraci\u00f3n entre la Universidad de Salamanca y Preservaci\u00f3n 35 en preservaci\u00f3n patrimonial - Preservacion 35","robots":{"index":"index","follow":"follow","max-snippet":"max-snippet:-1","max-image-preview":"max-image-preview:large","max-video-preview":"max-video-preview:-1"},"canonical":"https:\/\/preservacion35.com\/en\/noticias\/__trashed\/","og_locale":"en_GB","og_type":"article","og_title":"Comienzan las primeras actuaciones de la colaboraci\u00f3n entre la Universidad de Salamanca y Preservaci\u00f3n 35 en preservaci\u00f3n patrimonial - Preservacion 35","og_description":"Madrid, 5 de febrero de 2026 \u2013 La C\u00e1tedra Universidad-Empresa \u201cPreservaci\u00f3n 35\u201d, impulsada por la Universidad de Salamanca...","og_url":"https:\/\/preservacion35.com\/en\/noticias\/__trashed\/","og_site_name":"Preservacion 35","article_published_time":"2026-02-10T14:51:17+00:00","article_modified_time":"2026-02-10T15:11:38+00:00","og_image":[{"width":1440,"height":960,"url":"https:\/\/preservacion35.com\/wp-content\/uploads\/2026\/02\/img_8174.jpg","type":"image\/jpeg"}],"author":"admin","twitter_card":"summary_large_image","twitter_misc":{"Written by":"admin","Estimated reading time":"3 minutes"},"schema":{"@context":"https:\/\/schema.org","@graph":[{"@type":"Article","@id":"https:\/\/preservacion35.com\/noticias\/__trashed\/#article","isPartOf":{"@id":"https:\/\/preservacion35.com\/noticias\/__trashed\/"},"author":{"name":"admin","@id":"https:\/\/preservacion35.com\/#\/schema\/person\/e306b577887303f13108009d3b5c2d82"},"headline":"Comienzan las primeras actuaciones de la colaboraci\u00f3n entre la Universidad de Salamanca y Preservaci\u00f3n 35 en preservaci\u00f3n patrimonial","datePublished":"2026-02-10T14:51:17+00:00","dateModified":"2026-02-10T15:11:38+00:00","mainEntityOfPage":{"@id":"https:\/\/preservacion35.com\/noticias\/__trashed\/"},"wordCount":428,"commentCount":0,"publisher":{"@id":"https:\/\/preservacion35.com\/#organization"},"image":{"@id":"https:\/\/preservacion35.com\/noticias\/__trashed\/#primaryimage"},"thumbnailUrl":"https:\/\/preservacion35.com\/wp-content\/uploads\/2026\/02\/img_8174.jpg","articleSection":["Noticias"],"inLanguage":"en-GB","potentialAction":[{"@type":"CommentAction","name":"Comment","target":["https:\/\/preservacion35.com\/noticias\/__trashed\/#respond"]}]},{"@type":"WebPage","@id":"https:\/\/preservacion35.com\/noticias\/__trashed\/","url":"https:\/\/preservacion35.com\/noticias\/__trashed\/","name":"Comienzan las primeras actuaciones de la colaboraci\u00f3n entre la Universidad de Salamanca y Preservaci\u00f3n 35 en preservaci\u00f3n patrimonial - Preservacion 35","isPartOf":{"@id":"https:\/\/preservacion35.com\/#website"},"primaryImageOfPage":{"@id":"https:\/\/preservacion35.com\/noticias\/__trashed\/#primaryimage"},"image":{"@id":"https:\/\/preservacion35.com\/noticias\/__trashed\/#primaryimage"},"thumbnailUrl":"https:\/\/preservacion35.com\/wp-content\/uploads\/2026\/02\/img_8174.jpg","datePublished":"2026-02-10T14:51:17+00:00","dateModified":"2026-02-10T15:11:38+00:00","breadcrumb":{"@id":"https:\/\/preservacion35.com\/noticias\/__trashed\/#breadcrumb"},"inLanguage":"en-GB","potentialAction":[{"@type":"ReadAction","target":["https:\/\/preservacion35.com\/noticias\/__trashed\/"]}]},{"@type":"ImageObject","inLanguage":"en-GB","@id":"https:\/\/preservacion35.com\/noticias\/__trashed\/#primaryimage","url":"https:\/\/preservacion35.com\/wp-content\/uploads\/2026\/02\/img_8174.jpg","contentUrl":"https:\/\/preservacion35.com\/wp-content\/uploads\/2026\/02\/img_8174.jpg","width":1440,"height":960},{"@type":"BreadcrumbList","@id":"https:\/\/preservacion35.com\/noticias\/__trashed\/#breadcrumb","itemListElement":[{"@type":"ListItem","position":1,"name":"Portada","item":"https:\/\/preservacion35.com\/"},{"@type":"ListItem","position":2,"name":"Comienzan las primeras actuaciones de la colaboraci\u00f3n entre la Universidad de Salamanca y Preservaci\u00f3n 35 en preservaci\u00f3n patrimonial"}]},{"@type":"WebSite","@id":"https:\/\/preservacion35.com\/#website","url":"https:\/\/preservacion35.com\/","name":"Preservacion 35","description":"Preserve your files and documents with cutting-edge technology that brings you closer to the future.","publisher":{"@id":"https:\/\/preservacion35.com\/#organization"},"potentialAction":[{"@type":"SearchAction","target":{"@type":"EntryPoint","urlTemplate":"https:\/\/preservacion35.com\/?s={search_term_string}"},"query-input":{"@type":"PropertyValueSpecification","valueRequired":true,"valueName":"search_term_string"}}],"inLanguage":"en-GB"},{"@type":"Organization","@id":"https:\/\/preservacion35.com\/#organization","name":"Preservacion 35","url":"https:\/\/preservacion35.com\/","logo":{"@type":"ImageObject","inLanguage":"en-GB","@id":"https:\/\/preservacion35.com\/#\/schema\/logo\/image\/","url":"https:\/\/preservacion35.com\/wp-content\/uploads\/2024\/05\/cropped-Logo-Cierre-P35-en-Espanol-en-Transparencia.png","contentUrl":"https:\/\/preservacion35.com\/wp-content\/uploads\/2024\/05\/cropped-Logo-Cierre-P35-en-Espanol-en-Transparencia.png","width":1280,"height":1280,"caption":"Preservacion 35"},"image":{"@id":"https:\/\/preservacion35.com\/#\/schema\/logo\/image\/"}},{"@type":"Person","@id":"https:\/\/preservacion35.com\/#\/schema\/person\/e306b577887303f13108009d3b5c2d82","name":"admin","image":{"@type":"ImageObject","inLanguage":"en-GB","@id":"https:\/\/secure.gravatar.com\/avatar\/6fbe651b4dd6fffa0c2f7699039e1acb8bf5b9f38942b4f95f65947ac095ae2c?s=96&d=mm&r=g","url":"https:\/\/secure.gravatar.com\/avatar\/6fbe651b4dd6fffa0c2f7699039e1acb8bf5b9f38942b4f95f65947ac095ae2c?s=96&d=mm&r=g","contentUrl":"https:\/\/secure.gravatar.com\/avatar\/6fbe651b4dd6fffa0c2f7699039e1acb8bf5b9f38942b4f95f65947ac095ae2c?s=96&d=mm&r=g","caption":"admin"},"sameAs":["https:\/\/preservacion35.com"],"url":"https:\/\/preservacion35.com\/en\/author\/adminb0naval\/"}]}},"_links":{"self":[{"href":"https:\/\/preservacion35.com\/en\/wp-json\/wp\/v2\/posts\/1659","targetHints":{"allow":["GET"]}}],"collection":[{"href":"https:\/\/preservacion35.com\/en\/wp-json\/wp\/v2\/posts"}],"about":[{"href":"https:\/\/preservacion35.com\/en\/wp-json\/wp\/v2\/types\/post"}],"author":[{"embeddable":true,"href":"https:\/\/preservacion35.com\/en\/wp-json\/wp\/v2\/users\/1"}],"replies":[{"embeddable":true,"href":"https:\/\/preservacion35.com\/en\/wp-json\/wp\/v2\/comments?post=1659"}],"version-history":[{"count":2,"href":"https:\/\/preservacion35.com\/en\/wp-json\/wp\/v2\/posts\/1659\/revisions"}],"predecessor-version":[{"id":1663,"href":"https:\/\/preservacion35.com\/en\/wp-json\/wp\/v2\/posts\/1659\/revisions\/1663"}],"wp:featuredmedia":[{"embeddable":true,"href":"https:\/\/preservacion35.com\/en\/wp-json\/wp\/v2\/media\/1662"}],"wp:attachment":[{"href":"https:\/\/preservacion35.com\/en\/wp-json\/wp\/v2\/media?parent=1659"}],"wp:term":[{"taxonomy":"category","embeddable":true,"href":"https:\/\/preservacion35.com\/en\/wp-json\/wp\/v2\/categories?post=1659"},{"taxonomy":"post_tag","embeddable":true,"href":"https:\/\/preservacion35.com\/en\/wp-json\/wp\/v2\/tags?post=1659"}],"curies":[{"name":"wp","href":"https:\/\/api.w.org\/{rel}","templated":true}]}}