{"id":1610,"date":"2026-01-19T12:00:00","date_gmt":"2026-01-19T11:00:00","guid":{"rendered":"https:\/\/preservacion35.com\/?p=1610"},"modified":"2026-01-27T16:39:22","modified_gmt":"2026-01-27T15:39:22","slug":"la-universidad-de-salamanca-y-preservacion-35-crean-la-primera-catedra-en-espana-dedicada-a-la-preservacion-del-patrimonio-digital","status":"publish","type":"post","link":"https:\/\/preservacion35.com\/en\/noticias\/la-universidad-de-salamanca-y-preservacion-35-crean-la-primera-catedra-en-espana-dedicada-a-la-preservacion-del-patrimonio-digital\/","title":{"rendered":"La Universidad de Salamanca y Preservaci\u00f3n 35 crean la primera c\u00e1tedra en Espa\u00f1a dedicada a la preservaci\u00f3n del patrimonio digital"},"content":{"rendered":"<p>La Universidad de Salamanca (USAL), una de las universidades m\u00e1s antiguas de Europa y referente hist\u00f3rico del pensamiento, la investigaci\u00f3n y la transmisi\u00f3n del conocimiento en el \u00e1mbito hisp\u00e1nico e internacional, y Preservaci\u00f3n 35 han formalizado la creaci\u00f3n de la C\u00e1tedra Universidad-Empresa Preservaci\u00f3n 35, la primera en Espa\u00f1a orientada espec\u00edficamente a la innovaci\u00f3n en la preservaci\u00f3n del legado audiovisual, documental y digital, presidida por un concepto interdisciplinar de la investigaci\u00f3n a realizar. Esta iniciativa refuerza el compromiso conjunto de ambas instituciones con la investigaci\u00f3n, la transferencia de conocimiento y la protecci\u00f3n del patrimonio cultural en el contexto de la sociedad digital.<\/p>\n\n\n\n<figure class=\"wp-block-image size-large\"><img loading=\"lazy\" decoding=\"async\" width=\"1024\" height=\"683\" src=\"https:\/\/preservacion35.com\/wp-content\/uploads\/2026\/01\/p35-2026.02.19-8322-1024x683.jpg\" alt=\"\" class=\"wp-image-1612\" srcset=\"https:\/\/preservacion35.com\/wp-content\/uploads\/2026\/01\/p35-2026.02.19-8322-1024x683.jpg 1024w, https:\/\/preservacion35.com\/wp-content\/uploads\/2026\/01\/p35-2026.02.19-8322-300x200.jpg 300w, https:\/\/preservacion35.com\/wp-content\/uploads\/2026\/01\/p35-2026.02.19-8322-768x512.jpg 768w, https:\/\/preservacion35.com\/wp-content\/uploads\/2026\/01\/p35-2026.02.19-8322-18x12.jpg 18w, https:\/\/preservacion35.com\/wp-content\/uploads\/2026\/01\/p35-2026.02.19-8322.jpg 1440w\" sizes=\"auto, (max-width: 1024px) 100vw, 1024px\" \/><\/figure>\n\n\n\n<p>La nueva c\u00e1tedra, adscrita al Departamento de Matem\u00e1ticas de la Universidad de Salamanca, se apoya en la s\u00f3lida tradici\u00f3n acad\u00e9mica y cient\u00edfica de la USAL y nace con el objetivo de impulsar proyectos de investigaci\u00f3n aplicada, formaci\u00f3n especializada y desarrollo tecnol\u00f3gico. Para ello, incorporar\u00e1 metodolog\u00edas basadas en algoritmos computacionales, an\u00e1lisis avanzado de datos e inteligencia artificial, orientadas a afrontar los retos actuales de la preservaci\u00f3n a largo plazo del patrimonio.<\/p>\n\n\n\n<p>El Doctor Jos\u00e9 \u00c1ngel Dom\u00ednguez-P\u00e9rez, director de la nueva C\u00e1tedra Preservaci\u00f3n 35 y profesor titular en el \u00e1rea de Geometr\u00eda y Topolog\u00eda en la USAL, destac\u00f3 que \u201cla clave de la preservaci\u00f3n de datos digitales est\u00e1 en poder asegurar su integridad, lo que supone combinar t\u00e9cnicas matem\u00e1ticas para codificar esos datos, que adem\u00e1s de detectar y corregir errores, garanticen que no han sido manipulados\u201d.<\/p>\n\n\n\n<p>Durante el acto de presentaci\u00f3n, el rector de la Universidad de Salamanca, Juan Manuel Corchado, destac\u00f3 el car\u00e1cter estrat\u00e9gico de esta colaboraci\u00f3n y subray\u00f3 que la c\u00e1tedra permitir\u00e1 integrar la excelencia acad\u00e9mica de una instituci\u00f3n con m\u00e1s de ocho siglos de historia con soluciones tecnol\u00f3gicas avanzadas, reforzando el papel de la Universidad como garante de la generaci\u00f3n, preservaci\u00f3n y transmisi\u00f3n del conocimiento.<\/p>\n\n\n\n<figure class=\"wp-block-image size-large\"><img loading=\"lazy\" decoding=\"async\" width=\"1024\" height=\"683\" src=\"https:\/\/preservacion35.com\/wp-content\/uploads\/2026\/01\/p35-2026.02.19-8246-1024x683.jpg\" alt=\"\" class=\"wp-image-1614\" srcset=\"https:\/\/preservacion35.com\/wp-content\/uploads\/2026\/01\/p35-2026.02.19-8246-1024x683.jpg 1024w, https:\/\/preservacion35.com\/wp-content\/uploads\/2026\/01\/p35-2026.02.19-8246-300x200.jpg 300w, https:\/\/preservacion35.com\/wp-content\/uploads\/2026\/01\/p35-2026.02.19-8246-768x512.jpg 768w, https:\/\/preservacion35.com\/wp-content\/uploads\/2026\/01\/p35-2026.02.19-8246-18x12.jpg 18w, https:\/\/preservacion35.com\/wp-content\/uploads\/2026\/01\/p35-2026.02.19-8246.jpg 1440w\" sizes=\"auto, (max-width: 1024px) 100vw, 1024px\" \/><\/figure>\n\n\n\n<p>La C\u00e1tedra Preservaci\u00f3n 35 se concibe como un espacio multidisciplinar y abierto a la colaboraci\u00f3n entre universidad y empresa, alineado con la vocaci\u00f3n hist\u00f3rica de la Universidad de Salamanca de servir a la sociedad. Entre sus l\u00edneas de actuaci\u00f3n se incluyen el desarrollo de proyectos de I+D+i, pr\u00e1cticas acad\u00e9micas, trabajos de fin de grado y m\u00e1ster, as\u00ed como contratos predoctorales y postdoctorales. Asimismo, promover\u00e1 la cooperaci\u00f3n con archivos, bibliotecas, filmotecas y centros de memoria.<\/p>\n\n\n\n<p>En su intervenci\u00f3n en el acto de apertura, Fernando Labrada, presidente de Preservaci\u00f3n 35 ha puesto de relieve que<em> \u00abLa preservaci\u00f3n del patrimonio digital es uno de los grandes retos estructurales de la sociedad del siglo XXI y solo puede abordarse desde el conocimiento, la investigaci\u00f3n y la colaboraci\u00f3n entre universidad y empresa.\u00bb<\/em><\/p>\n\n\n\n<figure class=\"wp-block-image size-large\"><img loading=\"lazy\" decoding=\"async\" width=\"1024\" height=\"575\" src=\"https:\/\/preservacion35.com\/wp-content\/uploads\/2026\/01\/p35-2026.02.19-8190-1024x575.jpg\" alt=\"\" class=\"wp-image-1613\" srcset=\"https:\/\/preservacion35.com\/wp-content\/uploads\/2026\/01\/p35-2026.02.19-8190-1024x575.jpg 1024w, https:\/\/preservacion35.com\/wp-content\/uploads\/2026\/01\/p35-2026.02.19-8190-300x168.jpg 300w, https:\/\/preservacion35.com\/wp-content\/uploads\/2026\/01\/p35-2026.02.19-8190-768x431.jpg 768w, https:\/\/preservacion35.com\/wp-content\/uploads\/2026\/01\/p35-2026.02.19-8190-18x10.jpg 18w, https:\/\/preservacion35.com\/wp-content\/uploads\/2026\/01\/p35-2026.02.19-8190.jpg 1440w\" sizes=\"auto, (max-width: 1024px) 100vw, 1024px\" \/><\/figure>\n\n\n\n<p>Al acto de firma del convenio, celebrado en la Universidad de Salamanca, asistieron adem\u00e1s del rector Juan Manuel Corchado y el presidente de Preservaci\u00f3n 35, Fernando Labrada, importantes autoridades acad\u00e9micas y empresariales, entre otras el vicerrector de Transferencia, Innovaci\u00f3n y Emprendimiento, Federico Bueno de Mata; el vicerrector de Investigaci\u00f3n, Jos\u00e9 Miguel Mateos; la directora del proyecto \u201cDocumentos Esenciales de la Historia Hisp\u00e1nica\u201d, Anunciada Col\u00f3n de Carbajal; el director de Nageru Solutions, Roberto Gonz\u00e1lez; y la directora de Relaciones Institucionales y Relaci\u00f3n con Inversores del Grupo Oryon Universal, Rosa Barrios. La creaci\u00f3n de esta c\u00e1tedra supone una alianza estrat\u00e9gica de largo recorrido entre la Universidad de Salamanca, instituci\u00f3n clave en la historia intelectual europea, y Preservaci\u00f3n 35, orientada a garantizar que el legado audiovisual y documental de nuestra sociedad pueda ser preservado, accesible y transmitido de forma \u00edntegra y fiable a las generaciones futuras.<\/p>","protected":false},"excerpt":{"rendered":"<p>La Universidad de Salamanca (USAL), una de las universidades m\u00e1s antiguas de Europa y referente hist\u00f3rico del pensamiento,&#8230;<\/p>","protected":false},"author":6,"featured_media":1612,"comment_status":"open","ping_status":"open","sticky":false,"template":"","format":"standard","meta":{"_kadence_starter_templates_imported_post":false,"_kad_post_transparent":"","_kad_post_title":"","_kad_post_layout":"","_kad_post_sidebar_id":"","_kad_post_content_style":"","_kad_post_vertical_padding":"","_kad_post_feature":"","_kad_post_feature_position":"","_kad_post_header":false,"_kad_post_footer":false,"_kad_post_classname":"","footnotes":""},"categories":[1],"tags":[],"class_list":["post-1610","post","type-post","status-publish","format-standard","has-post-thumbnail","hentry","category-noticias"],"yoast_head":"<!-- This site is optimized with the Yoast SEO plugin v27.5 - https:\/\/yoast.com\/product\/yoast-seo-wordpress\/ -->\n<title>La Universidad de Salamanca y Preservaci\u00f3n 35 crean la primera c\u00e1tedra en Espa\u00f1a dedicada a la preservaci\u00f3n del patrimonio digital - Preservacion 35<\/title>\n<meta name=\"robots\" content=\"index, follow, max-snippet:-1, max-image-preview:large, max-video-preview:-1\" \/>\n<link rel=\"canonical\" href=\"https:\/\/preservacion35.com\/en\/noticias\/la-universidad-de-salamanca-y-preservacion-35-crean-la-primera-catedra-en-espana-dedicada-a-la-preservacion-del-patrimonio-digital\/\" \/>\n<meta property=\"og:locale\" content=\"en_GB\" \/>\n<meta property=\"og:type\" content=\"article\" \/>\n<meta property=\"og:title\" content=\"La Universidad de Salamanca y Preservaci\u00f3n 35 crean la primera c\u00e1tedra en Espa\u00f1a dedicada a la preservaci\u00f3n del patrimonio digital - Preservacion 35\" \/>\n<meta property=\"og:description\" content=\"La Universidad de Salamanca (USAL), una de las universidades m\u00e1s antiguas de Europa y referente hist\u00f3rico del pensamiento,...\" \/>\n<meta property=\"og:url\" content=\"https:\/\/preservacion35.com\/en\/noticias\/la-universidad-de-salamanca-y-preservacion-35-crean-la-primera-catedra-en-espana-dedicada-a-la-preservacion-del-patrimonio-digital\/\" \/>\n<meta property=\"og:site_name\" content=\"Preservacion 35\" \/>\n<meta property=\"article:published_time\" content=\"2026-01-19T11:00:00+00:00\" \/>\n<meta property=\"article:modified_time\" content=\"2026-01-27T15:39:22+00:00\" \/>\n<meta property=\"og:image\" content=\"https:\/\/preservacion35.com\/wp-content\/uploads\/2026\/01\/p35-2026.02.19-8322.jpg\" \/>\n\t<meta property=\"og:image:width\" content=\"1440\" \/>\n\t<meta property=\"og:image:height\" content=\"960\" \/>\n\t<meta property=\"og:image:type\" content=\"image\/jpeg\" \/>\n<meta name=\"author\" content=\"Prensa P35\" \/>\n<meta name=\"twitter:card\" content=\"summary_large_image\" \/>\n<meta name=\"twitter:label1\" content=\"Written by\" \/>\n\t<meta name=\"twitter:data1\" content=\"Prensa P35\" \/>\n\t<meta name=\"twitter:label2\" content=\"Estimated reading time\" \/>\n\t<meta name=\"twitter:data2\" content=\"4 minutes\" \/>\n<script type=\"application\/ld+json\" class=\"yoast-schema-graph\">{\"@context\":\"https:\\\/\\\/schema.org\",\"@graph\":[{\"@type\":\"Article\",\"@id\":\"https:\\\/\\\/preservacion35.com\\\/noticias\\\/la-universidad-de-salamanca-y-preservacion-35-crean-la-primera-catedra-en-espana-dedicada-a-la-preservacion-del-patrimonio-digital\\\/#article\",\"isPartOf\":{\"@id\":\"https:\\\/\\\/preservacion35.com\\\/noticias\\\/la-universidad-de-salamanca-y-preservacion-35-crean-la-primera-catedra-en-espana-dedicada-a-la-preservacion-del-patrimonio-digital\\\/\"},\"author\":{\"name\":\"Prensa P35\",\"@id\":\"https:\\\/\\\/preservacion35.com\\\/#\\\/schema\\\/person\\\/5f7c2c47b7e3ed5adb9838ff451d839f\"},\"headline\":\"La Universidad de Salamanca y Preservaci\u00f3n 35 crean la primera c\u00e1tedra en Espa\u00f1a dedicada a la preservaci\u00f3n del patrimonio digital\",\"datePublished\":\"2026-01-19T11:00:00+00:00\",\"dateModified\":\"2026-01-27T15:39:22+00:00\",\"mainEntityOfPage\":{\"@id\":\"https:\\\/\\\/preservacion35.com\\\/noticias\\\/la-universidad-de-salamanca-y-preservacion-35-crean-la-primera-catedra-en-espana-dedicada-a-la-preservacion-del-patrimonio-digital\\\/\"},\"wordCount\":665,\"commentCount\":0,\"publisher\":{\"@id\":\"https:\\\/\\\/preservacion35.com\\\/#organization\"},\"image\":{\"@id\":\"https:\\\/\\\/preservacion35.com\\\/noticias\\\/la-universidad-de-salamanca-y-preservacion-35-crean-la-primera-catedra-en-espana-dedicada-a-la-preservacion-del-patrimonio-digital\\\/#primaryimage\"},\"thumbnailUrl\":\"https:\\\/\\\/preservacion35.com\\\/wp-content\\\/uploads\\\/2026\\\/01\\\/p35-2026.02.19-8322.jpg\",\"articleSection\":[\"Noticias\"],\"inLanguage\":\"en-GB\",\"potentialAction\":[{\"@type\":\"CommentAction\",\"name\":\"Comment\",\"target\":[\"https:\\\/\\\/preservacion35.com\\\/noticias\\\/la-universidad-de-salamanca-y-preservacion-35-crean-la-primera-catedra-en-espana-dedicada-a-la-preservacion-del-patrimonio-digital\\\/#respond\"]}]},{\"@type\":\"WebPage\",\"@id\":\"https:\\\/\\\/preservacion35.com\\\/noticias\\\/la-universidad-de-salamanca-y-preservacion-35-crean-la-primera-catedra-en-espana-dedicada-a-la-preservacion-del-patrimonio-digital\\\/\",\"url\":\"https:\\\/\\\/preservacion35.com\\\/noticias\\\/la-universidad-de-salamanca-y-preservacion-35-crean-la-primera-catedra-en-espana-dedicada-a-la-preservacion-del-patrimonio-digital\\\/\",\"name\":\"La Universidad de Salamanca y Preservaci\u00f3n 35 crean la primera c\u00e1tedra en Espa\u00f1a dedicada a la preservaci\u00f3n del patrimonio digital - Preservacion 35\",\"isPartOf\":{\"@id\":\"https:\\\/\\\/preservacion35.com\\\/#website\"},\"primaryImageOfPage\":{\"@id\":\"https:\\\/\\\/preservacion35.com\\\/noticias\\\/la-universidad-de-salamanca-y-preservacion-35-crean-la-primera-catedra-en-espana-dedicada-a-la-preservacion-del-patrimonio-digital\\\/#primaryimage\"},\"image\":{\"@id\":\"https:\\\/\\\/preservacion35.com\\\/noticias\\\/la-universidad-de-salamanca-y-preservacion-35-crean-la-primera-catedra-en-espana-dedicada-a-la-preservacion-del-patrimonio-digital\\\/#primaryimage\"},\"thumbnailUrl\":\"https:\\\/\\\/preservacion35.com\\\/wp-content\\\/uploads\\\/2026\\\/01\\\/p35-2026.02.19-8322.jpg\",\"datePublished\":\"2026-01-19T11:00:00+00:00\",\"dateModified\":\"2026-01-27T15:39:22+00:00\",\"breadcrumb\":{\"@id\":\"https:\\\/\\\/preservacion35.com\\\/noticias\\\/la-universidad-de-salamanca-y-preservacion-35-crean-la-primera-catedra-en-espana-dedicada-a-la-preservacion-del-patrimonio-digital\\\/#breadcrumb\"},\"inLanguage\":\"en-GB\",\"potentialAction\":[{\"@type\":\"ReadAction\",\"target\":[\"https:\\\/\\\/preservacion35.com\\\/noticias\\\/la-universidad-de-salamanca-y-preservacion-35-crean-la-primera-catedra-en-espana-dedicada-a-la-preservacion-del-patrimonio-digital\\\/\"]}]},{\"@type\":\"ImageObject\",\"inLanguage\":\"en-GB\",\"@id\":\"https:\\\/\\\/preservacion35.com\\\/noticias\\\/la-universidad-de-salamanca-y-preservacion-35-crean-la-primera-catedra-en-espana-dedicada-a-la-preservacion-del-patrimonio-digital\\\/#primaryimage\",\"url\":\"https:\\\/\\\/preservacion35.com\\\/wp-content\\\/uploads\\\/2026\\\/01\\\/p35-2026.02.19-8322.jpg\",\"contentUrl\":\"https:\\\/\\\/preservacion35.com\\\/wp-content\\\/uploads\\\/2026\\\/01\\\/p35-2026.02.19-8322.jpg\",\"width\":1440,\"height\":960},{\"@type\":\"BreadcrumbList\",\"@id\":\"https:\\\/\\\/preservacion35.com\\\/noticias\\\/la-universidad-de-salamanca-y-preservacion-35-crean-la-primera-catedra-en-espana-dedicada-a-la-preservacion-del-patrimonio-digital\\\/#breadcrumb\",\"itemListElement\":[{\"@type\":\"ListItem\",\"position\":1,\"name\":\"Portada\",\"item\":\"https:\\\/\\\/preservacion35.com\\\/\"},{\"@type\":\"ListItem\",\"position\":2,\"name\":\"La Universidad de Salamanca y Preservaci\u00f3n 35 crean la primera c\u00e1tedra en Espa\u00f1a dedicada a la preservaci\u00f3n del patrimonio digital\"}]},{\"@type\":\"WebSite\",\"@id\":\"https:\\\/\\\/preservacion35.com\\\/#website\",\"url\":\"https:\\\/\\\/preservacion35.com\\\/\",\"name\":\"Preservacion 35\",\"description\":\"Preserva tus archivos y documentos con tecnolog\u00eda de vanguardia que te acerca al futuro\",\"publisher\":{\"@id\":\"https:\\\/\\\/preservacion35.com\\\/#organization\"},\"potentialAction\":[{\"@type\":\"SearchAction\",\"target\":{\"@type\":\"EntryPoint\",\"urlTemplate\":\"https:\\\/\\\/preservacion35.com\\\/?s={search_term_string}\"},\"query-input\":{\"@type\":\"PropertyValueSpecification\",\"valueRequired\":true,\"valueName\":\"search_term_string\"}}],\"inLanguage\":\"en-GB\"},{\"@type\":\"Organization\",\"@id\":\"https:\\\/\\\/preservacion35.com\\\/#organization\",\"name\":\"Preservacion 35\",\"url\":\"https:\\\/\\\/preservacion35.com\\\/\",\"logo\":{\"@type\":\"ImageObject\",\"inLanguage\":\"en-GB\",\"@id\":\"https:\\\/\\\/preservacion35.com\\\/#\\\/schema\\\/logo\\\/image\\\/\",\"url\":\"https:\\\/\\\/preservacion35.com\\\/wp-content\\\/uploads\\\/2024\\\/05\\\/cropped-Logo-Cierre-P35-en-Espanol-en-Transparencia.png\",\"contentUrl\":\"https:\\\/\\\/preservacion35.com\\\/wp-content\\\/uploads\\\/2024\\\/05\\\/cropped-Logo-Cierre-P35-en-Espanol-en-Transparencia.png\",\"width\":1280,\"height\":1280,\"caption\":\"Preservacion 35\"},\"image\":{\"@id\":\"https:\\\/\\\/preservacion35.com\\\/#\\\/schema\\\/logo\\\/image\\\/\"}},{\"@type\":\"Person\",\"@id\":\"https:\\\/\\\/preservacion35.com\\\/#\\\/schema\\\/person\\\/5f7c2c47b7e3ed5adb9838ff451d839f\",\"name\":\"Prensa P35\",\"image\":{\"@type\":\"ImageObject\",\"inLanguage\":\"en-GB\",\"@id\":\"https:\\\/\\\/secure.gravatar.com\\\/avatar\\\/fdd0983caf5f7139bb77a9c0e69fb60f5e778edc248f036b381dd2d9e897e6f4?s=96&d=mm&r=g\",\"url\":\"https:\\\/\\\/secure.gravatar.com\\\/avatar\\\/fdd0983caf5f7139bb77a9c0e69fb60f5e778edc248f036b381dd2d9e897e6f4?s=96&d=mm&r=g\",\"contentUrl\":\"https:\\\/\\\/secure.gravatar.com\\\/avatar\\\/fdd0983caf5f7139bb77a9c0e69fb60f5e778edc248f036b381dd2d9e897e6f4?s=96&d=mm&r=g\",\"caption\":\"Prensa P35\"},\"url\":\"https:\\\/\\\/preservacion35.com\\\/en\\\/author\\\/prensa\\\/\"}]}<\/script>\n<!-- \/ Yoast SEO plugin. -->","yoast_head_json":{"title":"La Universidad de Salamanca y Preservaci\u00f3n 35 crean la primera c\u00e1tedra en Espa\u00f1a dedicada a la preservaci\u00f3n del patrimonio digital - Preservacion 35","robots":{"index":"index","follow":"follow","max-snippet":"max-snippet:-1","max-image-preview":"max-image-preview:large","max-video-preview":"max-video-preview:-1"},"canonical":"https:\/\/preservacion35.com\/en\/noticias\/la-universidad-de-salamanca-y-preservacion-35-crean-la-primera-catedra-en-espana-dedicada-a-la-preservacion-del-patrimonio-digital\/","og_locale":"en_GB","og_type":"article","og_title":"La Universidad de Salamanca y Preservaci\u00f3n 35 crean la primera c\u00e1tedra en Espa\u00f1a dedicada a la preservaci\u00f3n del patrimonio digital - Preservacion 35","og_description":"La Universidad de Salamanca (USAL), una de las universidades m\u00e1s antiguas de Europa y referente hist\u00f3rico del pensamiento,...","og_url":"https:\/\/preservacion35.com\/en\/noticias\/la-universidad-de-salamanca-y-preservacion-35-crean-la-primera-catedra-en-espana-dedicada-a-la-preservacion-del-patrimonio-digital\/","og_site_name":"Preservacion 35","article_published_time":"2026-01-19T11:00:00+00:00","article_modified_time":"2026-01-27T15:39:22+00:00","og_image":[{"width":1440,"height":960,"url":"https:\/\/preservacion35.com\/wp-content\/uploads\/2026\/01\/p35-2026.02.19-8322.jpg","type":"image\/jpeg"}],"author":"Prensa P35","twitter_card":"summary_large_image","twitter_misc":{"Written by":"Prensa P35","Estimated reading time":"4 minutes"},"schema":{"@context":"https:\/\/schema.org","@graph":[{"@type":"Article","@id":"https:\/\/preservacion35.com\/noticias\/la-universidad-de-salamanca-y-preservacion-35-crean-la-primera-catedra-en-espana-dedicada-a-la-preservacion-del-patrimonio-digital\/#article","isPartOf":{"@id":"https:\/\/preservacion35.com\/noticias\/la-universidad-de-salamanca-y-preservacion-35-crean-la-primera-catedra-en-espana-dedicada-a-la-preservacion-del-patrimonio-digital\/"},"author":{"name":"Prensa P35","@id":"https:\/\/preservacion35.com\/#\/schema\/person\/5f7c2c47b7e3ed5adb9838ff451d839f"},"headline":"La Universidad de Salamanca y Preservaci\u00f3n 35 crean la primera c\u00e1tedra en Espa\u00f1a dedicada a la preservaci\u00f3n del patrimonio digital","datePublished":"2026-01-19T11:00:00+00:00","dateModified":"2026-01-27T15:39:22+00:00","mainEntityOfPage":{"@id":"https:\/\/preservacion35.com\/noticias\/la-universidad-de-salamanca-y-preservacion-35-crean-la-primera-catedra-en-espana-dedicada-a-la-preservacion-del-patrimonio-digital\/"},"wordCount":665,"commentCount":0,"publisher":{"@id":"https:\/\/preservacion35.com\/#organization"},"image":{"@id":"https:\/\/preservacion35.com\/noticias\/la-universidad-de-salamanca-y-preservacion-35-crean-la-primera-catedra-en-espana-dedicada-a-la-preservacion-del-patrimonio-digital\/#primaryimage"},"thumbnailUrl":"https:\/\/preservacion35.com\/wp-content\/uploads\/2026\/01\/p35-2026.02.19-8322.jpg","articleSection":["Noticias"],"inLanguage":"en-GB","potentialAction":[{"@type":"CommentAction","name":"Comment","target":["https:\/\/preservacion35.com\/noticias\/la-universidad-de-salamanca-y-preservacion-35-crean-la-primera-catedra-en-espana-dedicada-a-la-preservacion-del-patrimonio-digital\/#respond"]}]},{"@type":"WebPage","@id":"https:\/\/preservacion35.com\/noticias\/la-universidad-de-salamanca-y-preservacion-35-crean-la-primera-catedra-en-espana-dedicada-a-la-preservacion-del-patrimonio-digital\/","url":"https:\/\/preservacion35.com\/noticias\/la-universidad-de-salamanca-y-preservacion-35-crean-la-primera-catedra-en-espana-dedicada-a-la-preservacion-del-patrimonio-digital\/","name":"La Universidad de Salamanca y Preservaci\u00f3n 35 crean la primera c\u00e1tedra en Espa\u00f1a dedicada a la preservaci\u00f3n del patrimonio digital - Preservacion 35","isPartOf":{"@id":"https:\/\/preservacion35.com\/#website"},"primaryImageOfPage":{"@id":"https:\/\/preservacion35.com\/noticias\/la-universidad-de-salamanca-y-preservacion-35-crean-la-primera-catedra-en-espana-dedicada-a-la-preservacion-del-patrimonio-digital\/#primaryimage"},"image":{"@id":"https:\/\/preservacion35.com\/noticias\/la-universidad-de-salamanca-y-preservacion-35-crean-la-primera-catedra-en-espana-dedicada-a-la-preservacion-del-patrimonio-digital\/#primaryimage"},"thumbnailUrl":"https:\/\/preservacion35.com\/wp-content\/uploads\/2026\/01\/p35-2026.02.19-8322.jpg","datePublished":"2026-01-19T11:00:00+00:00","dateModified":"2026-01-27T15:39:22+00:00","breadcrumb":{"@id":"https:\/\/preservacion35.com\/noticias\/la-universidad-de-salamanca-y-preservacion-35-crean-la-primera-catedra-en-espana-dedicada-a-la-preservacion-del-patrimonio-digital\/#breadcrumb"},"inLanguage":"en-GB","potentialAction":[{"@type":"ReadAction","target":["https:\/\/preservacion35.com\/noticias\/la-universidad-de-salamanca-y-preservacion-35-crean-la-primera-catedra-en-espana-dedicada-a-la-preservacion-del-patrimonio-digital\/"]}]},{"@type":"ImageObject","inLanguage":"en-GB","@id":"https:\/\/preservacion35.com\/noticias\/la-universidad-de-salamanca-y-preservacion-35-crean-la-primera-catedra-en-espana-dedicada-a-la-preservacion-del-patrimonio-digital\/#primaryimage","url":"https:\/\/preservacion35.com\/wp-content\/uploads\/2026\/01\/p35-2026.02.19-8322.jpg","contentUrl":"https:\/\/preservacion35.com\/wp-content\/uploads\/2026\/01\/p35-2026.02.19-8322.jpg","width":1440,"height":960},{"@type":"BreadcrumbList","@id":"https:\/\/preservacion35.com\/noticias\/la-universidad-de-salamanca-y-preservacion-35-crean-la-primera-catedra-en-espana-dedicada-a-la-preservacion-del-patrimonio-digital\/#breadcrumb","itemListElement":[{"@type":"ListItem","position":1,"name":"Portada","item":"https:\/\/preservacion35.com\/"},{"@type":"ListItem","position":2,"name":"La Universidad de Salamanca y Preservaci\u00f3n 35 crean la primera c\u00e1tedra en Espa\u00f1a dedicada a la preservaci\u00f3n del patrimonio digital"}]},{"@type":"WebSite","@id":"https:\/\/preservacion35.com\/#website","url":"https:\/\/preservacion35.com\/","name":"Preservacion 35","description":"Preserve your files and documents with cutting-edge technology that brings you closer to the future.","publisher":{"@id":"https:\/\/preservacion35.com\/#organization"},"potentialAction":[{"@type":"SearchAction","target":{"@type":"EntryPoint","urlTemplate":"https:\/\/preservacion35.com\/?s={search_term_string}"},"query-input":{"@type":"PropertyValueSpecification","valueRequired":true,"valueName":"search_term_string"}}],"inLanguage":"en-GB"},{"@type":"Organization","@id":"https:\/\/preservacion35.com\/#organization","name":"Preservacion 35","url":"https:\/\/preservacion35.com\/","logo":{"@type":"ImageObject","inLanguage":"en-GB","@id":"https:\/\/preservacion35.com\/#\/schema\/logo\/image\/","url":"https:\/\/preservacion35.com\/wp-content\/uploads\/2024\/05\/cropped-Logo-Cierre-P35-en-Espanol-en-Transparencia.png","contentUrl":"https:\/\/preservacion35.com\/wp-content\/uploads\/2024\/05\/cropped-Logo-Cierre-P35-en-Espanol-en-Transparencia.png","width":1280,"height":1280,"caption":"Preservacion 35"},"image":{"@id":"https:\/\/preservacion35.com\/#\/schema\/logo\/image\/"}},{"@type":"Person","@id":"https:\/\/preservacion35.com\/#\/schema\/person\/5f7c2c47b7e3ed5adb9838ff451d839f","name":"Prensa P35","image":{"@type":"ImageObject","inLanguage":"en-GB","@id":"https:\/\/secure.gravatar.com\/avatar\/fdd0983caf5f7139bb77a9c0e69fb60f5e778edc248f036b381dd2d9e897e6f4?s=96&d=mm&r=g","url":"https:\/\/secure.gravatar.com\/avatar\/fdd0983caf5f7139bb77a9c0e69fb60f5e778edc248f036b381dd2d9e897e6f4?s=96&d=mm&r=g","contentUrl":"https:\/\/secure.gravatar.com\/avatar\/fdd0983caf5f7139bb77a9c0e69fb60f5e778edc248f036b381dd2d9e897e6f4?s=96&d=mm&r=g","caption":"Prensa P35"},"url":"https:\/\/preservacion35.com\/en\/author\/prensa\/"}]}},"_links":{"self":[{"href":"https:\/\/preservacion35.com\/en\/wp-json\/wp\/v2\/posts\/1610","targetHints":{"allow":["GET"]}}],"collection":[{"href":"https:\/\/preservacion35.com\/en\/wp-json\/wp\/v2\/posts"}],"about":[{"href":"https:\/\/preservacion35.com\/en\/wp-json\/wp\/v2\/types\/post"}],"author":[{"embeddable":true,"href":"https:\/\/preservacion35.com\/en\/wp-json\/wp\/v2\/users\/6"}],"replies":[{"embeddable":true,"href":"https:\/\/preservacion35.com\/en\/wp-json\/wp\/v2\/comments?post=1610"}],"version-history":[{"count":2,"href":"https:\/\/preservacion35.com\/en\/wp-json\/wp\/v2\/posts\/1610\/revisions"}],"predecessor-version":[{"id":1618,"href":"https:\/\/preservacion35.com\/en\/wp-json\/wp\/v2\/posts\/1610\/revisions\/1618"}],"wp:featuredmedia":[{"embeddable":true,"href":"https:\/\/preservacion35.com\/en\/wp-json\/wp\/v2\/media\/1612"}],"wp:attachment":[{"href":"https:\/\/preservacion35.com\/en\/wp-json\/wp\/v2\/media?parent=1610"}],"wp:term":[{"taxonomy":"category","embeddable":true,"href":"https:\/\/preservacion35.com\/en\/wp-json\/wp\/v2\/categories?post=1610"},{"taxonomy":"post_tag","embeddable":true,"href":"https:\/\/preservacion35.com\/en\/wp-json\/wp\/v2\/tags?post=1610"}],"curies":[{"name":"wp","href":"https:\/\/api.w.org\/{rel}","templated":true}]}}